{"id":1693,"date":"2017-09-28T22:26:10","date_gmt":"2017-09-28T22:26:10","guid":{"rendered":"http:\/\/agustiniano75.net\/?p=1693"},"modified":"2017-09-29T00:48:39","modified_gmt":"2017-09-29T00:48:39","slug":"1693","status":"publish","type":"post","link":"https:\/\/agustiniano75.net\/?p=1693","title":{"rendered":"VIVIR ALEGR\u00cdAS Y DAR ALEGR\u00cdAS"},"content":{"rendered":"<figure id=\"attachment_1694\" aria-describedby=\"caption-attachment-1694\" style=\"width: 590px\" class=\"wp-caption aligncenter\"><img loading=\"lazy\" decoding=\"async\" class=\"size-full wp-image-1694\" src=\"http:\/\/agustiniano75.net\/wp-content\/uploads\/2017\/09\/foto_articulo-1.jpg\" alt=\"foto_articulo\" width=\"590\" height=\"355\" srcset=\"https:\/\/agustiniano75.net\/wp-content\/uploads\/2017\/09\/foto_articulo-1.jpg 590w, https:\/\/agustiniano75.net\/wp-content\/uploads\/2017\/09\/foto_articulo-1-300x181.jpg 300w, https:\/\/agustiniano75.net\/wp-content\/uploads\/2017\/09\/foto_articulo-1-100x60.jpg 100w, https:\/\/agustiniano75.net\/wp-content\/uploads\/2017\/09\/foto_articulo-1-150x90.jpg 150w, https:\/\/agustiniano75.net\/wp-content\/uploads\/2017\/09\/foto_articulo-1-200x120.jpg 200w, https:\/\/agustiniano75.net\/wp-content\/uploads\/2017\/09\/foto_articulo-1-450x271.jpg 450w\" sizes=\"auto, (max-width: 590px) 100vw, 590px\" \/><figcaption id=\"caption-attachment-1694\" class=\"wp-caption-text\">Escribiendo este art\u00edculo&#8230;.<\/figcaption><\/figure>\n<p>Queridos y recordados compa\u00f1eros Agustinos 75, para mi es causa de alegr\u00eda escribirles este art\u00edculo.<br \/>\nHa sido motivo de gran alegr\u00eda para el re-econtrarnos.<\/p>\n<p>Yo no soy religioso pero soy espiritual\u2026 La vida, con el paso de los a\u00f1os me ha ense\u00f1ado a tener m\u00e1s consciencia de que nosotros somos un todo completo, lo que significa que somos un alma pero somos parte de una energ\u00eda universal que se manifiesta de muchas maneras. Cualquier cosa que tu hagas tiene efectos sobre tu entorno y sobre ti mismo. Creo en la ley de la atracci\u00f3n, creo en la espiritualidad completa, creo en el Dios universal en el que nosotros somos parte de todo. Por lo tanto debemos cuidar todo lo que est\u00e1 a alrededor nuestro, el ambiente, el planeta, el aire que respiramos y de las personas, y la mejor actitud es ser siempre positivo, servicial y amable, hacer el bien sin mirar a quien, la caridad y ayuda siempre entra por casa y por los m\u00e1s cercanos.<\/p>\n<p>Creo que con el pasar de los a\u00f1os adquirimos esa consciencia (ser consiente de..) nos volvemos m\u00e1s sensibles, aprendemos a mirar nuestro entorno con m\u00e1s detalle y encontrarle m\u00e1s significado, a encontrarnos con nosotros mismos y con el poder de Dios en nuestro interior alejados de la culpa y el miedo con los cuales pretenden manipularnos y a cuidar nuestro planeta. La vida es todo aquello que est\u00e1 sucediendo mientras hacemos planes, la vida es de momentos y a todos nosotros nos est\u00e1 mandado ser felices y vivir nuestra alegr\u00edas, cosa que nos negamos a vivirlas con diferentes pretextos (ala chato estoy ocupad\u00edsimo\u2026, no tengo tiempo, mi agenda es muy estrecha, etc&#8230;.), mientras las oportunidades pasan, los momentos pasan, la familia crece. A todos nos pasa el tiempo; debemos procurar vivir los mejores momentos y promulgar que los dem\u00e1s tambi\u00e9n las vivan (ayudando, aconsejando, escuchando\u2026)<br \/>\nCreo que muchos de nosotros ya pasamos las etapas de querer ser mejor que otros, de la competitividad. Esto ha me hecho valorar, apreciar, aceptar a las personas por los que son por su autenticidad y por su experiencia propia de vida; a estas alturas no le encuentro sentido alguno a ser competitivo. Lo que deseo es que todos caminemos por el mismo camino de alegr\u00eda, de cuidar nuestro entorno y a nosotros mismos en la medida en que podamos.<\/p>\n<p>Cuando se empez\u00f3 con la idea del encuentro de los 40 a\u00f1os, el grupo de chat que fue creciendo y mi alma se llen\u00f3 de felicidad (y ha sido una alegr\u00eda constante desde ese entonces). Uff que grandioso, despu\u00e9s de tantos a\u00f1os tener la oportunidad de abrazarlos, departir, hablar, recordar los mismos pasos recorridos en nuestra infancia adolescencia y juventud, fue como un despertar!. Cuando buscamos algo, el universo conspira para que uno lo consiga\u2026 y m\u00e1s si se trata de una requisici\u00f3n inminente de nuestra alma. Gracias al compa\u00f1erismo, incondicionalidad y solidaridad de mis grandes amigos, el encuentro con todos, con algunos de nuestros profesores, con el Padre Mora, se dio, pudimos asistir, el hecho de recibir los diplomas rompi\u00f3 la frustraci\u00f3n que llev\u00e1bamos por dentro y ese encuentro nos marc\u00f3 para el resto de nuestras existencias! <strong><em>Gracias a todos!<\/em><\/strong><\/p>\n<p><img loading=\"lazy\" decoding=\"async\" class=\"alignnone size-full wp-image-1695\" src=\"http:\/\/agustiniano75.net\/wp-content\/uploads\/2017\/09\/art_mora.jpg\" alt=\"\" width=\"1000\" height=\"433\" srcset=\"https:\/\/agustiniano75.net\/wp-content\/uploads\/2017\/09\/art_mora.jpg 1000w, https:\/\/agustiniano75.net\/wp-content\/uploads\/2017\/09\/art_mora-300x130.jpg 300w, https:\/\/agustiniano75.net\/wp-content\/uploads\/2017\/09\/art_mora-768x333.jpg 768w, https:\/\/agustiniano75.net\/wp-content\/uploads\/2017\/09\/art_mora-100x43.jpg 100w, https:\/\/agustiniano75.net\/wp-content\/uploads\/2017\/09\/art_mora-150x65.jpg 150w, https:\/\/agustiniano75.net\/wp-content\/uploads\/2017\/09\/art_mora-200x87.jpg 200w, https:\/\/agustiniano75.net\/wp-content\/uploads\/2017\/09\/art_mora-450x195.jpg 450w, https:\/\/agustiniano75.net\/wp-content\/uploads\/2017\/09\/art_mora-600x260.jpg 600w, https:\/\/agustiniano75.net\/wp-content\/uploads\/2017\/09\/art_mora-900x390.jpg 900w\" sizes=\"auto, (max-width: 1000px) 100vw, 1000px\" \/><\/p>\n<p>Despu\u00e9s vinieron varias reuniones memorables en la casa de Cesar Ni\u00f1o ese diciembre donde cantamos juntos Marinero..<br \/>\nTodas la alegr\u00edas recibidas me inspiraron que en mi pr\u00f3xima ida a Colombia, deb\u00eda ir a visitar a los compa\u00f1eros que viv\u00edan en otras ciudades, a Valledupar donde me encontr\u00e9 con Herberg Eastman, Santa Marta con el viejo Luis A. Ni\u00f1o, en Cali con Ivancho, Carlitos Garcia, Regner Valbuena Neiva con Luis Fernando Barriga, con Hernando Vega, sin dejar pasar el s\u00faper fin de semana en Melgar en la casa de Cesitar Ni\u00f1o, con Carlos Navarrete, Mario Fernando, Panochoncito, las reuniones en casa de Mauricio Gallego, el redescrubir el abrigo de principito, las Reuniones en la Tasca de Navarra donde Miguelito Navarrete, En Karal en el resturante de Luis Rincon Polaco, ver a Carlitos Pe\u00f1a, a Marco y Javier Paipilla, ver a Jaime Farfan, etc. hemos disfrutado cada segundo de su hospitalidad, atenciones, cari\u00f1o, gracias millones, ha sido sensacional y que se repitan.<\/p>\n<p><img loading=\"lazy\" decoding=\"async\" class=\"alignnone size-full wp-image-1700\" src=\"http:\/\/agustiniano75.net\/wp-content\/uploads\/2017\/09\/art_01.jpg\" alt=\"\" width=\"500\" height=\"158\" srcset=\"https:\/\/agustiniano75.net\/wp-content\/uploads\/2017\/09\/art_01.jpg 500w, https:\/\/agustiniano75.net\/wp-content\/uploads\/2017\/09\/art_01-300x95.jpg 300w, https:\/\/agustiniano75.net\/wp-content\/uploads\/2017\/09\/art_01-100x32.jpg 100w, https:\/\/agustiniano75.net\/wp-content\/uploads\/2017\/09\/art_01-150x47.jpg 150w, https:\/\/agustiniano75.net\/wp-content\/uploads\/2017\/09\/art_01-200x63.jpg 200w, https:\/\/agustiniano75.net\/wp-content\/uploads\/2017\/09\/art_01-450x142.jpg 450w\" sizes=\"auto, (max-width: 500px) 100vw, 500px\" \/><\/p>\n<p><img loading=\"lazy\" decoding=\"async\" class=\"size-full wp-image-1701 alignright\" src=\"http:\/\/agustiniano75.net\/wp-content\/uploads\/2017\/09\/art_02.jpg\" alt=\"\" width=\"500\" height=\"247\" srcset=\"https:\/\/agustiniano75.net\/wp-content\/uploads\/2017\/09\/art_02.jpg 500w, https:\/\/agustiniano75.net\/wp-content\/uploads\/2017\/09\/art_02-300x148.jpg 300w, https:\/\/agustiniano75.net\/wp-content\/uploads\/2017\/09\/art_02-100x49.jpg 100w, https:\/\/agustiniano75.net\/wp-content\/uploads\/2017\/09\/art_02-150x74.jpg 150w, https:\/\/agustiniano75.net\/wp-content\/uploads\/2017\/09\/art_02-200x99.jpg 200w, https:\/\/agustiniano75.net\/wp-content\/uploads\/2017\/09\/art_02-450x222.jpg 450w\" sizes=\"auto, (max-width: 500px) 100vw, 500px\" \/><\/p>\n<p><img loading=\"lazy\" decoding=\"async\" class=\"alignnone size-full wp-image-1703\" src=\"http:\/\/agustiniano75.net\/wp-content\/uploads\/2017\/09\/art_03.jpg\" alt=\"\" width=\"350\" height=\"199\" srcset=\"https:\/\/agustiniano75.net\/wp-content\/uploads\/2017\/09\/art_03.jpg 350w, https:\/\/agustiniano75.net\/wp-content\/uploads\/2017\/09\/art_03-300x171.jpg 300w, https:\/\/agustiniano75.net\/wp-content\/uploads\/2017\/09\/art_03-100x57.jpg 100w, https:\/\/agustiniano75.net\/wp-content\/uploads\/2017\/09\/art_03-150x85.jpg 150w, https:\/\/agustiniano75.net\/wp-content\/uploads\/2017\/09\/art_03-200x114.jpg 200w\" sizes=\"auto, (max-width: 350px) 100vw, 350px\" \/> <img loading=\"lazy\" decoding=\"async\" class=\"size-full wp-image-1704 alignright\" src=\"http:\/\/agustiniano75.net\/wp-content\/uploads\/2017\/09\/art_04.jpg\" alt=\"\" width=\"350\" height=\"200\" srcset=\"https:\/\/agustiniano75.net\/wp-content\/uploads\/2017\/09\/art_04.jpg 350w, https:\/\/agustiniano75.net\/wp-content\/uploads\/2017\/09\/art_04-300x171.jpg 300w, https:\/\/agustiniano75.net\/wp-content\/uploads\/2017\/09\/art_04-100x57.jpg 100w, https:\/\/agustiniano75.net\/wp-content\/uploads\/2017\/09\/art_04-150x86.jpg 150w, https:\/\/agustiniano75.net\/wp-content\/uploads\/2017\/09\/art_04-200x114.jpg 200w\" sizes=\"auto, (max-width: 350px) 100vw, 350px\" \/><\/p>\n<p><strong><em>Me siento muy orgulloso de ustedes,<\/em><\/strong> mis grandes amigos compa\u00f1eros agustinianos 75, de haber recibido la educaci\u00f3n en Colegio Agustiniano de San Nicol\u00e1s y por todas las cosas que hemos disfrutado y alegr\u00edas que hemos vivido, las reuniones que hemos tenido desde ese entonces<br \/>\nCon alegr\u00eda, tolerancia, sigamos consolidando nuestro grupo, manteni\u00e9ndolo y promulgando m\u00e1s reuniones, ser ni\u00f1os otra vez.<\/p>\n<p>Aja Juchachos, con gran afecto incondicionalmente quedo a sus \u00f3rdenes<br \/>\nMARIO ORTEGON CERVERA<\/p>\n<p><strong><em><span style=\"color: #ff0000;\">NOTA:<\/span><\/em><\/strong> Las fotos de todos los encuentros de este a\u00f1o est\u00e1n publicadas en <a href=\"http:\/\/agustiniano75.net\/?page_id=474\"><strong><em><span style=\"color: #ff0000;\">Encuentros de Cuchachos<\/span><\/em><\/strong><\/a><\/p>\n","protected":false},"excerpt":{"rendered":"<p>Queridos y recordados compa\u00f1eros Agustinos 75, para mi es causa de alegr\u00eda escribirles este art\u00edculo. Ha sido motivo de gran alegr\u00eda para el re-econtrarnos. Yo no soy religioso pero soy espiritual\u2026 La vida, con el paso de los a\u00f1os me<span class=\"ellipsis\">&hellip;<\/span><\/p>\n<div class=\"read-more\"><a href=\"https:\/\/agustiniano75.net\/?p=1693\">Leer m\u00e1s <span class=\"screen-reader-text\">VIVIR ALEGR\u00cdAS Y DAR ALEGR\u00cdAS<\/span><span class=\"meta-nav\"> &#8250;<\/span><\/a><\/div>\n<p><!-- end of .read-more --><\/p>\n","protected":false},"author":5,"featured_media":0,"comment_status":"open","ping_status":"open","sticky":false,"template":"","format":"standard","meta":{"ngg_post_thumbnail":0,"footnotes":""},"categories":[1],"tags":[],"class_list":["post-1693","post","type-post","status-publish","format-standard","hentry","category-uncategorized"],"_links":{"self":[{"href":"https:\/\/agustiniano75.net\/index.php?rest_route=\/wp\/v2\/posts\/1693","targetHints":{"allow":["GET"]}}],"collection":[{"href":"https:\/\/agustiniano75.net\/index.php?rest_route=\/wp\/v2\/posts"}],"about":[{"href":"https:\/\/agustiniano75.net\/index.php?rest_route=\/wp\/v2\/types\/post"}],"author":[{"embeddable":true,"href":"https:\/\/agustiniano75.net\/index.php?rest_route=\/wp\/v2\/users\/5"}],"replies":[{"embeddable":true,"href":"https:\/\/agustiniano75.net\/index.php?rest_route=%2Fwp%2Fv2%2Fcomments&post=1693"}],"version-history":[{"count":0,"href":"https:\/\/agustiniano75.net\/index.php?rest_route=\/wp\/v2\/posts\/1693\/revisions"}],"wp:attachment":[{"href":"https:\/\/agustiniano75.net\/index.php?rest_route=%2Fwp%2Fv2%2Fmedia&parent=1693"}],"wp:term":[{"taxonomy":"category","embeddable":true,"href":"https:\/\/agustiniano75.net\/index.php?rest_route=%2Fwp%2Fv2%2Fcategories&post=1693"},{"taxonomy":"post_tag","embeddable":true,"href":"https:\/\/agustiniano75.net\/index.php?rest_route=%2Fwp%2Fv2%2Ftags&post=1693"}],"curies":[{"name":"wp","href":"https:\/\/api.w.org\/{rel}","templated":true}]}}