{"id":1872,"date":"2021-01-19T05:55:41","date_gmt":"2021-01-19T05:55:41","guid":{"rendered":"http:\/\/agustiniano75.net\/?p=1872"},"modified":"2021-01-21T02:44:09","modified_gmt":"2021-01-21T02:44:09","slug":"eventos-de-2019","status":"publish","type":"post","link":"https:\/\/agustiniano75.net\/?p=1872","title":{"rendered":"EVENTOS DE 2019"},"content":{"rendered":"\n<h2 class=\"wp-block-heading\"><em><span style=\"color: #ff0000;\"><strong>LA AFECCI\u00d3N DEL CANCILLER<\/strong><\/span><\/em><\/h2>\n\n\n\n<p style=\"text-align:left\"><em>El evento que trascendi\u00f3 indudablemente fue la inesperada y muy delicada afecci\u00f3n arterial que sufri\u00f3 Mario Orteg\u00f3n.<\/em><\/p>\n\n\n\n<figure class=\"wp-block-image\"><img loading=\"lazy\" decoding=\"async\" width=\"729\" height=\"547\" src=\"http:\/\/agustiniano75.net\/wp-content\/uploads\/2021\/01\/crisis-01.jpg\" alt=\"\" class=\"wp-image-1874\" srcset=\"https:\/\/agustiniano75.net\/wp-content\/uploads\/2021\/01\/crisis-01.jpg 729w, https:\/\/agustiniano75.net\/wp-content\/uploads\/2021\/01\/crisis-01-300x225.jpg 300w, https:\/\/agustiniano75.net\/wp-content\/uploads\/2021\/01\/crisis-01-100x75.jpg 100w, https:\/\/agustiniano75.net\/wp-content\/uploads\/2021\/01\/crisis-01-150x113.jpg 150w, https:\/\/agustiniano75.net\/wp-content\/uploads\/2021\/01\/crisis-01-200x150.jpg 200w, https:\/\/agustiniano75.net\/wp-content\/uploads\/2021\/01\/crisis-01-450x338.jpg 450w, https:\/\/agustiniano75.net\/wp-content\/uploads\/2021\/01\/crisis-01-600x450.jpg 600w\" sizes=\"auto, (max-width: 729px) 100vw, 729px\" \/><figcaption>En el hospital&#8230;. luego de ser diagnosticado!<br><\/figcaption><\/figure>\n\n\n\n<figure class=\"wp-block-image\"><img loading=\"lazy\" decoding=\"async\" width=\"740\" height=\"350\" src=\"http:\/\/agustiniano75.net\/wp-content\/uploads\/2021\/01\/crisis-05b.jpg\" alt=\"\" class=\"wp-image-1962\" srcset=\"https:\/\/agustiniano75.net\/wp-content\/uploads\/2021\/01\/crisis-05b.jpg 740w, https:\/\/agustiniano75.net\/wp-content\/uploads\/2021\/01\/crisis-05b-300x142.jpg 300w, https:\/\/agustiniano75.net\/wp-content\/uploads\/2021\/01\/crisis-05b-100x47.jpg 100w, https:\/\/agustiniano75.net\/wp-content\/uploads\/2021\/01\/crisis-05b-150x71.jpg 150w, https:\/\/agustiniano75.net\/wp-content\/uploads\/2021\/01\/crisis-05b-200x95.jpg 200w, https:\/\/agustiniano75.net\/wp-content\/uploads\/2021\/01\/crisis-05b-450x213.jpg 450w, https:\/\/agustiniano75.net\/wp-content\/uploads\/2021\/01\/crisis-05b-600x284.jpg 600w\" sizes=\"auto, (max-width: 740px) 100vw, 740px\" \/><figcaption>Convaleciente&#8230;&#8230;&#8230;&#8230;&#8230;&#8230; y completamente recuperado!<br><br><\/figcaption><\/figure>\n\n\n\n<h2 class=\"wp-block-heading\"><em><span style=\"color: #ff0000;\"><strong>Orando por su salud (Galer\u00eda)<\/strong><\/span><\/em><\/h2>\n\n\n\n<figure class=\"wp-block-image\"><a href=\"http:\/\/agustiniano75.net\/?page_id=1949\"><img loading=\"lazy\" decoding=\"async\" width=\"924\" height=\"547\" src=\"http:\/\/agustiniano75.net\/wp-content\/uploads\/2021\/01\/crisis-03-1.jpg\" alt=\"\" class=\"wp-image-1885\" srcset=\"https:\/\/agustiniano75.net\/wp-content\/uploads\/2021\/01\/crisis-03-1.jpg 924w, https:\/\/agustiniano75.net\/wp-content\/uploads\/2021\/01\/crisis-03-1-300x178.jpg 300w, https:\/\/agustiniano75.net\/wp-content\/uploads\/2021\/01\/crisis-03-1-768x455.jpg 768w, https:\/\/agustiniano75.net\/wp-content\/uploads\/2021\/01\/crisis-03-1-100x59.jpg 100w, https:\/\/agustiniano75.net\/wp-content\/uploads\/2021\/01\/crisis-03-1-150x89.jpg 150w, https:\/\/agustiniano75.net\/wp-content\/uploads\/2021\/01\/crisis-03-1-200x118.jpg 200w, https:\/\/agustiniano75.net\/wp-content\/uploads\/2021\/01\/crisis-03-1-450x266.jpg 450w, https:\/\/agustiniano75.net\/wp-content\/uploads\/2021\/01\/crisis-03-1-600x355.jpg 600w, https:\/\/agustiniano75.net\/wp-content\/uploads\/2021\/01\/crisis-03-1-900x533.jpg 900w\" sizes=\"auto, (max-width: 924px) 100vw, 924px\" \/><\/a><figcaption>En la capilla del colegio, (por iniciativa del grupo) el padre Mora ofici\u00f3 una misa ofrecida por la pronta recuperaci\u00f3n de Mario Orteg\u00f3n. Mayo 25 de 2019<br><\/figcaption><\/figure>\n\n\n\n<h2 class=\"wp-block-heading\"><em><span style=\"color: #ff0000;\"><strong>Visita en Miami<\/strong><\/span><\/em><\/h2>\n\n\n\n<figure class=\"wp-block-image\"><img loading=\"lazy\" decoding=\"async\" width=\"973\" height=\"300\" src=\"http:\/\/agustiniano75.net\/wp-content\/uploads\/2021\/01\/edgard-ok.jpg\" alt=\"\" class=\"wp-image-1970\" srcset=\"https:\/\/agustiniano75.net\/wp-content\/uploads\/2021\/01\/edgard-ok.jpg 973w, https:\/\/agustiniano75.net\/wp-content\/uploads\/2021\/01\/edgard-ok-300x92.jpg 300w, https:\/\/agustiniano75.net\/wp-content\/uploads\/2021\/01\/edgard-ok-768x237.jpg 768w, https:\/\/agustiniano75.net\/wp-content\/uploads\/2021\/01\/edgard-ok-100x31.jpg 100w, https:\/\/agustiniano75.net\/wp-content\/uploads\/2021\/01\/edgard-ok-150x46.jpg 150w, https:\/\/agustiniano75.net\/wp-content\/uploads\/2021\/01\/edgard-ok-200x62.jpg 200w, https:\/\/agustiniano75.net\/wp-content\/uploads\/2021\/01\/edgard-ok-450x139.jpg 450w, https:\/\/agustiniano75.net\/wp-content\/uploads\/2021\/01\/edgard-ok-600x185.jpg 600w, https:\/\/agustiniano75.net\/wp-content\/uploads\/2021\/01\/edgard-ok-900x277.jpg 900w\" sizes=\"auto, (max-width: 973px) 100vw, 973px\" \/><figcaption>Edgar Mora visita a M Orteg\u00f3n en cu casa en la Florida (USA)<br>Mayo 26 2019<\/figcaption><\/figure>\n\n\n\n<h2 class=\"wp-block-heading\"><em><span style=\"color: #ff0000;\"><strong>Cumplea\u00f1os jugando Tejo! (Galer\u00eda)<\/strong><\/span><\/em><\/h2>\n\n\n\n<figure class=\"wp-block-image\"><a href=\"http:\/\/agustiniano75.net\/?page_id=1976\"><img loading=\"lazy\" decoding=\"async\" width=\"1024\" height=\"866\" src=\"http:\/\/agustiniano75.net\/wp-content\/uploads\/2021\/01\/tejo-01-1024x866.jpg\" alt=\"\" class=\"wp-image-1892\" srcset=\"https:\/\/agustiniano75.net\/wp-content\/uploads\/2021\/01\/tejo-01-1024x866.jpg 1024w, https:\/\/agustiniano75.net\/wp-content\/uploads\/2021\/01\/tejo-01-300x254.jpg 300w, https:\/\/agustiniano75.net\/wp-content\/uploads\/2021\/01\/tejo-01-768x649.jpg 768w, https:\/\/agustiniano75.net\/wp-content\/uploads\/2021\/01\/tejo-01-100x85.jpg 100w, https:\/\/agustiniano75.net\/wp-content\/uploads\/2021\/01\/tejo-01-150x127.jpg 150w, https:\/\/agustiniano75.net\/wp-content\/uploads\/2021\/01\/tejo-01-200x169.jpg 200w, https:\/\/agustiniano75.net\/wp-content\/uploads\/2021\/01\/tejo-01-450x381.jpg 450w, https:\/\/agustiniano75.net\/wp-content\/uploads\/2021\/01\/tejo-01-600x507.jpg 600w, https:\/\/agustiniano75.net\/wp-content\/uploads\/2021\/01\/tejo-01-900x761.jpg 900w, https:\/\/agustiniano75.net\/wp-content\/uploads\/2021\/01\/tejo-01.jpg 1600w\" sizes=\"auto, (max-width: 1024px) 100vw, 1024px\" \/><\/a><figcaption>En una t\u00edpica cancha de tejo en Suba, celebramos el cumplea\u00f1os de Cesar Ni\u00f1o!<br>Marzo 6 de 2019<br><strong>(GALERIA)<\/strong><br><br><\/figcaption><\/figure>\n\n\n\n<h2 class=\"wp-block-heading\"><em><span style=\"color: #ff0000;\"><strong>Encuentro en casa de Miguel Navarrete (Galer\u00eda)<\/strong><\/span><\/em><\/h2>\n\n\n\n<figure class=\"wp-block-image\"><a href=\"http:\/\/agustiniano75.net\/?page_id=1985\"><img loading=\"lazy\" decoding=\"async\" width=\"1024\" height=\"768\" src=\"http:\/\/agustiniano75.net\/wp-content\/uploads\/2021\/01\/m_95-1024x768.jpg\" alt=\"\" class=\"wp-image-1894\" srcset=\"https:\/\/agustiniano75.net\/wp-content\/uploads\/2021\/01\/m_95-1024x768.jpg 1024w, https:\/\/agustiniano75.net\/wp-content\/uploads\/2021\/01\/m_95-300x225.jpg 300w, https:\/\/agustiniano75.net\/wp-content\/uploads\/2021\/01\/m_95-768x576.jpg 768w, https:\/\/agustiniano75.net\/wp-content\/uploads\/2021\/01\/m_95-100x75.jpg 100w, https:\/\/agustiniano75.net\/wp-content\/uploads\/2021\/01\/m_95-150x113.jpg 150w, https:\/\/agustiniano75.net\/wp-content\/uploads\/2021\/01\/m_95-200x150.jpg 200w, https:\/\/agustiniano75.net\/wp-content\/uploads\/2021\/01\/m_95-450x338.jpg 450w, https:\/\/agustiniano75.net\/wp-content\/uploads\/2021\/01\/m_95-600x450.jpg 600w, https:\/\/agustiniano75.net\/wp-content\/uploads\/2021\/01\/m_95-900x675.jpg 900w, https:\/\/agustiniano75.net\/wp-content\/uploads\/2021\/01\/m_95.jpg 1600w\" sizes=\"auto, (max-width: 1024px) 100vw, 1024px\" \/><\/a><figcaption>Aprovechando la visita del canciller, nos reunimos en casa de Miguel Navarrete. <br>Marzo  2 de 2019<br><strong>(GALERIA)<\/strong><br><br><\/figcaption><\/figure>\n\n\n\n<h2 class=\"wp-block-heading\"><em><span style=\"color: #ff0000;\"><strong>Almuerzo en Fontib\u00f3n<\/strong><\/span><\/em><\/h2>\n\n\n\n<figure class=\"wp-block-image\"><img loading=\"lazy\" decoding=\"async\" width=\"1024\" height=\"509\" src=\"http:\/\/agustiniano75.net\/wp-content\/uploads\/2021\/01\/fontibon_02-1024x509.jpg\" alt=\"\" class=\"wp-image-1896\" srcset=\"https:\/\/agustiniano75.net\/wp-content\/uploads\/2021\/01\/fontibon_02-1024x509.jpg 1024w, https:\/\/agustiniano75.net\/wp-content\/uploads\/2021\/01\/fontibon_02-300x149.jpg 300w, https:\/\/agustiniano75.net\/wp-content\/uploads\/2021\/01\/fontibon_02-768x382.jpg 768w, https:\/\/agustiniano75.net\/wp-content\/uploads\/2021\/01\/fontibon_02-100x50.jpg 100w, https:\/\/agustiniano75.net\/wp-content\/uploads\/2021\/01\/fontibon_02-150x75.jpg 150w, https:\/\/agustiniano75.net\/wp-content\/uploads\/2021\/01\/fontibon_02-200x100.jpg 200w, https:\/\/agustiniano75.net\/wp-content\/uploads\/2021\/01\/fontibon_02-450x224.jpg 450w, https:\/\/agustiniano75.net\/wp-content\/uploads\/2021\/01\/fontibon_02-600x299.jpg 600w, https:\/\/agustiniano75.net\/wp-content\/uploads\/2021\/01\/fontibon_02-900x448.jpg 900w, https:\/\/agustiniano75.net\/wp-content\/uploads\/2021\/01\/fontibon_02.jpg 1600w\" sizes=\"auto, (max-width: 1024px) 100vw, 1024px\" \/><figcaption>Con Carlitos Pe\u00f1a, Almuerzo criollo en Fontib\u00f3n. <br>Febrero 29 de 2019<br><br><br><\/figcaption><\/figure>\n","protected":false},"excerpt":{"rendered":"<p>LA AFECCI\u00d3N DEL CANCILLER El evento que trascendi\u00f3 indudablemente fue la inesperada y muy delicada afecci\u00f3n arterial que sufri\u00f3 Mario Orteg\u00f3n. Orando por su salud (Galer\u00eda) En la capilla del colegio, (por iniciativa del grupo) el padre Mora ofici\u00f3 una<span class=\"ellipsis\">&hellip;<\/span><\/p>\n<div class=\"read-more\"><a href=\"https:\/\/agustiniano75.net\/?p=1872\">Leer m\u00e1s <span class=\"screen-reader-text\">EVENTOS DE 2019<\/span><span class=\"meta-nav\"> &#8250;<\/span><\/a><\/div>\n<p><!-- end of .read-more --><\/p>\n","protected":false},"author":1,"featured_media":0,"comment_status":"open","ping_status":"open","sticky":false,"template":"","format":"standard","meta":{"ngg_post_thumbnail":0,"footnotes":""},"categories":[1],"tags":[],"class_list":["post-1872","post","type-post","status-publish","format-standard","hentry","category-uncategorized"],"_links":{"self":[{"href":"https:\/\/agustiniano75.net\/index.php?rest_route=\/wp\/v2\/posts\/1872","targetHints":{"allow":["GET"]}}],"collection":[{"href":"https:\/\/agustiniano75.net\/index.php?rest_route=\/wp\/v2\/posts"}],"about":[{"href":"https:\/\/agustiniano75.net\/index.php?rest_route=\/wp\/v2\/types\/post"}],"author":[{"embeddable":true,"href":"https:\/\/agustiniano75.net\/index.php?rest_route=\/wp\/v2\/users\/1"}],"replies":[{"embeddable":true,"href":"https:\/\/agustiniano75.net\/index.php?rest_route=%2Fwp%2Fv2%2Fcomments&post=1872"}],"version-history":[{"count":0,"href":"https:\/\/agustiniano75.net\/index.php?rest_route=\/wp\/v2\/posts\/1872\/revisions"}],"wp:attachment":[{"href":"https:\/\/agustiniano75.net\/index.php?rest_route=%2Fwp%2Fv2%2Fmedia&parent=1872"}],"wp:term":[{"taxonomy":"category","embeddable":true,"href":"https:\/\/agustiniano75.net\/index.php?rest_route=%2Fwp%2Fv2%2Fcategories&post=1872"},{"taxonomy":"post_tag","embeddable":true,"href":"https:\/\/agustiniano75.net\/index.php?rest_route=%2Fwp%2Fv2%2Ftags&post=1872"}],"curies":[{"name":"wp","href":"https:\/\/api.w.org\/{rel}","templated":true}]}}