{"id":2231,"date":"2023-01-26T07:22:53","date_gmt":"2023-01-26T07:22:53","guid":{"rendered":"http:\/\/agustiniano75.net\/?p=2231"},"modified":"2023-01-26T09:05:10","modified_gmt":"2023-01-26T09:05:10","slug":"fernando-botero-se-nos-adelanto","status":"publish","type":"post","link":"https:\/\/agustiniano75.net\/?p=2231","title":{"rendered":"Fernando Botero se nos adelant\u00f3&#8230;."},"content":{"rendered":"<p><img loading=\"lazy\" decoding=\"async\" class=\"size-full wp-image-2232 alignleft\" src=\"http:\/\/agustiniano75.net\/wp-content\/uploads\/2023\/01\/homenaje-ok.jpg\" alt=\"\" width=\"300\" height=\"300\" srcset=\"https:\/\/agustiniano75.net\/wp-content\/uploads\/2023\/01\/homenaje-ok.jpg 300w, https:\/\/agustiniano75.net\/wp-content\/uploads\/2023\/01\/homenaje-ok-150x150.jpg 150w, https:\/\/agustiniano75.net\/wp-content\/uploads\/2023\/01\/homenaje-ok-100x100.jpg 100w, https:\/\/agustiniano75.net\/wp-content\/uploads\/2023\/01\/homenaje-ok-200x200.jpg 200w\" sizes=\"auto, (max-width: 300px) 100vw, 300px\" \/><\/p>\n<p><img loading=\"lazy\" decoding=\"async\" class=\"alignnone size-full wp-image-2235\" src=\"http:\/\/agustiniano75.net\/wp-content\/uploads\/2023\/01\/misa-ok.jpg\" alt=\"\" width=\"188\" height=\"300\" srcset=\"https:\/\/agustiniano75.net\/wp-content\/uploads\/2023\/01\/misa-ok.jpg 188w, https:\/\/agustiniano75.net\/wp-content\/uploads\/2023\/01\/misa-ok-100x160.jpg 100w, https:\/\/agustiniano75.net\/wp-content\/uploads\/2023\/01\/misa-ok-150x239.jpg 150w\" sizes=\"auto, (max-width: 188px) 100vw, 188px\" \/><\/p>\n<p>En Mayo del a\u00f1o pasado, nuestro compa\u00f1ero Fernando Botero se nos adelant\u00f3&#8230; Su generosidad, sus ambiciosos proyectos, su inmenso amor por sus hijos, su picante humor paisa y su amable disposici\u00f3n hacia sus compa\u00f1eros y amigos del colegio, son algunos de los valores que lo defin\u00edan.<\/p>\n<p><img loading=\"lazy\" decoding=\"async\" class=\"alignnone size-full wp-image-2237\" src=\"http:\/\/agustiniano75.net\/wp-content\/uploads\/2023\/01\/cadena-ok.jpg\" alt=\"\" width=\"83\" height=\"100\"> William Cadena lo visit\u00f3 en la cl\u00ednica Palermo<\/p>\n<p>ANECDOTA<\/p>\n<audio class=\"wp-audio-shortcode\" id=\"audio-2231-1\" preload=\"none\" style=\"width: 100%;\" controls=\"controls\"><source type=\"audio\/mpeg\" src=\"http:\/\/agustiniano75.net\/wp-content\/uploads\/2023\/01\/Anecdota.mp3?_=1\" \/><a href=\"http:\/\/agustiniano75.net\/wp-content\/uploads\/2023\/01\/Anecdota.mp3\">http:\/\/agustiniano75.net\/wp-content\/uploads\/2023\/01\/Anecdota.mp3<\/a><\/audio>\n<p>&nbsp;<\/p>\n<p>ANUNCIO DEL FALLECIMIENTO<\/p>\n<audio class=\"wp-audio-shortcode\" id=\"audio-2231-2\" preload=\"none\" style=\"width: 100%;\" controls=\"controls\"><source type=\"audio\/mpeg\" src=\"http:\/\/agustiniano75.net\/wp-content\/uploads\/2023\/01\/Anuncio-fallecimiento.mp3?_=2\" \/><a href=\"http:\/\/agustiniano75.net\/wp-content\/uploads\/2023\/01\/Anuncio-fallecimiento.mp3\">http:\/\/agustiniano75.net\/wp-content\/uploads\/2023\/01\/Anuncio-fallecimiento.mp3<\/a><\/audio>\n<p>&nbsp;<\/p>\n<p><img loading=\"lazy\" decoding=\"async\" class=\"alignnone size-full wp-image-2244\" src=\"http:\/\/agustiniano75.net\/wp-content\/uploads\/2023\/01\/c-navarrete-0k.jpg\" alt=\"\" width=\"82\" height=\"100\"><br \/>\nPALABRAS DE CARLOS NAVARRETE<\/p>\n<audio class=\"wp-audio-shortcode\" id=\"audio-2231-3\" preload=\"none\" style=\"width: 100%;\" controls=\"controls\"><source type=\"audio\/mpeg\" src=\"http:\/\/agustiniano75.net\/wp-content\/uploads\/2023\/01\/Palabras-Carlos-N..mp3?_=3\" \/><a href=\"http:\/\/agustiniano75.net\/wp-content\/uploads\/2023\/01\/Palabras-Carlos-N..mp3\">http:\/\/agustiniano75.net\/wp-content\/uploads\/2023\/01\/Palabras-Carlos-N..mp3<\/a><\/audio>\n<p>&nbsp;<\/p>\n<p><img loading=\"lazy\" decoding=\"async\" class=\"alignnone size-medium wp-image-2246\" src=\"http:\/\/agustiniano75.net\/wp-content\/uploads\/2023\/01\/BOTERO-OK-300x160.jpg\" alt=\"\" width=\"300\" height=\"160\" srcset=\"https:\/\/agustiniano75.net\/wp-content\/uploads\/2023\/01\/BOTERO-OK-300x160.jpg 300w, https:\/\/agustiniano75.net\/wp-content\/uploads\/2023\/01\/BOTERO-OK-100x53.jpg 100w, https:\/\/agustiniano75.net\/wp-content\/uploads\/2023\/01\/BOTERO-OK-150x80.jpg 150w, https:\/\/agustiniano75.net\/wp-content\/uploads\/2023\/01\/BOTERO-OK-200x107.jpg 200w, https:\/\/agustiniano75.net\/wp-content\/uploads\/2023\/01\/BOTERO-OK.jpg 337w\" sizes=\"auto, (max-width: 300px) 100vw, 300px\" \/><br \/>\nPALABRAS DE MAURICIO GALLEGO<\/p>\n<audio class=\"wp-audio-shortcode\" id=\"audio-2231-4\" preload=\"none\" style=\"width: 100%;\" controls=\"controls\"><source type=\"audio\/mpeg\" src=\"http:\/\/agustiniano75.net\/wp-content\/uploads\/2023\/01\/Palabras-Mauricio.mp3?_=4\" \/><a href=\"http:\/\/agustiniano75.net\/wp-content\/uploads\/2023\/01\/Palabras-Mauricio.mp3\">http:\/\/agustiniano75.net\/wp-content\/uploads\/2023\/01\/Palabras-Mauricio.mp3<\/a><\/audio>\n<p>&nbsp;<\/p>\n<p>ACOMPA\u00d1ANDOLO EN CEREMONIA EN JARDINES DE PAZ<\/p>\n<p><img loading=\"lazy\" decoding=\"async\" class=\"alignnone size-medium wp-image-2251\" src=\"http:\/\/agustiniano75.net\/wp-content\/uploads\/2023\/01\/Velorio-ok-300x226.jpg\" alt=\"\" width=\"300\" height=\"226\" srcset=\"https:\/\/agustiniano75.net\/wp-content\/uploads\/2023\/01\/Velorio-ok-300x226.jpg 300w, https:\/\/agustiniano75.net\/wp-content\/uploads\/2023\/01\/Velorio-ok-100x75.jpg 100w, https:\/\/agustiniano75.net\/wp-content\/uploads\/2023\/01\/Velorio-ok-150x113.jpg 150w, https:\/\/agustiniano75.net\/wp-content\/uploads\/2023\/01\/Velorio-ok-200x151.jpg 200w, https:\/\/agustiniano75.net\/wp-content\/uploads\/2023\/01\/Velorio-ok.jpg 400w\" sizes=\"auto, (max-width: 300px) 100vw, 300px\" \/><\/p>\n","protected":false},"excerpt":{"rendered":"<p>En Mayo del a\u00f1o pasado, nuestro compa\u00f1ero Fernando Botero se nos adelant\u00f3&#8230; Su generosidad, sus ambiciosos proyectos, su inmenso amor por sus hijos, su picante humor paisa y su amable disposici\u00f3n hacia sus compa\u00f1eros y amigos del colegio, son algunos<span class=\"ellipsis\">&hellip;<\/span><\/p>\n<div class=\"read-more\"><a href=\"https:\/\/agustiniano75.net\/?p=2231\">Leer m\u00e1s <span class=\"screen-reader-text\">Fernando Botero se nos adelant\u00f3&#8230;.<\/span><span class=\"meta-nav\"> &#8250;<\/span><\/a><\/div>\n<p><!-- end of .read-more --><\/p>\n","protected":false},"author":1,"featured_media":0,"comment_status":"open","ping_status":"open","sticky":false,"template":"","format":"standard","meta":{"ngg_post_thumbnail":0,"footnotes":""},"categories":[1],"tags":[],"class_list":["post-2231","post","type-post","status-publish","format-standard","hentry","category-uncategorized"],"_links":{"self":[{"href":"https:\/\/agustiniano75.net\/index.php?rest_route=\/wp\/v2\/posts\/2231","targetHints":{"allow":["GET"]}}],"collection":[{"href":"https:\/\/agustiniano75.net\/index.php?rest_route=\/wp\/v2\/posts"}],"about":[{"href":"https:\/\/agustiniano75.net\/index.php?rest_route=\/wp\/v2\/types\/post"}],"author":[{"embeddable":true,"href":"https:\/\/agustiniano75.net\/index.php?rest_route=\/wp\/v2\/users\/1"}],"replies":[{"embeddable":true,"href":"https:\/\/agustiniano75.net\/index.php?rest_route=%2Fwp%2Fv2%2Fcomments&post=2231"}],"version-history":[{"count":14,"href":"https:\/\/agustiniano75.net\/index.php?rest_route=\/wp\/v2\/posts\/2231\/revisions"}],"predecessor-version":[{"id":2260,"href":"https:\/\/agustiniano75.net\/index.php?rest_route=\/wp\/v2\/posts\/2231\/revisions\/2260"}],"wp:attachment":[{"href":"https:\/\/agustiniano75.net\/index.php?rest_route=%2Fwp%2Fv2%2Fmedia&parent=2231"}],"wp:term":[{"taxonomy":"category","embeddable":true,"href":"https:\/\/agustiniano75.net\/index.php?rest_route=%2Fwp%2Fv2%2Fcategories&post=2231"},{"taxonomy":"post_tag","embeddable":true,"href":"https:\/\/agustiniano75.net\/index.php?rest_route=%2Fwp%2Fv2%2Ftags&post=2231"}],"curies":[{"name":"wp","href":"https:\/\/api.w.org\/{rel}","templated":true}]}}