{"id":2315,"date":"2024-12-21T21:54:51","date_gmt":"2024-12-21T21:54:51","guid":{"rendered":"https:\/\/agustiniano75.net\/?p=2315"},"modified":"2024-12-22T00:42:09","modified_gmt":"2024-12-22T00:42:09","slug":"raul-suarez-celebremos-su-vida-diciembre-19-de-2024","status":"publish","type":"post","link":"https:\/\/agustiniano75.net\/?p=2315","title":{"rendered":"RAUL SUAREZ &#8211; Celebremos su vida!  Diciembre 19 de 2024"},"content":{"rendered":"<p><img loading=\"lazy\" decoding=\"async\" class=\"alignnone size-full wp-image-2316\" src=\"http:\/\/agustiniano75.net\/wp-content\/uploads\/2024\/12\/raul01.jpg\" alt=\"\" width=\"1024\" height=\"576\" srcset=\"https:\/\/agustiniano75.net\/wp-content\/uploads\/2024\/12\/raul01.jpg 1024w, https:\/\/agustiniano75.net\/wp-content\/uploads\/2024\/12\/raul01-300x169.jpg 300w, https:\/\/agustiniano75.net\/wp-content\/uploads\/2024\/12\/raul01-768x432.jpg 768w, https:\/\/agustiniano75.net\/wp-content\/uploads\/2024\/12\/raul01-100x56.jpg 100w, https:\/\/agustiniano75.net\/wp-content\/uploads\/2024\/12\/raul01-150x84.jpg 150w, https:\/\/agustiniano75.net\/wp-content\/uploads\/2024\/12\/raul01-200x113.jpg 200w, https:\/\/agustiniano75.net\/wp-content\/uploads\/2024\/12\/raul01-450x253.jpg 450w, https:\/\/agustiniano75.net\/wp-content\/uploads\/2024\/12\/raul01-600x338.jpg 600w, https:\/\/agustiniano75.net\/wp-content\/uploads\/2024\/12\/raul01-900x506.jpg 900w\" sizes=\"auto, (max-width: 1024px) 100vw, 1024px\" \/><\/p>\n<figure id=\"attachment_2319\" aria-describedby=\"caption-attachment-2319\" style=\"width: 1600px\" class=\"wp-caption alignnone\"><a href=\"https:\/\/www.youtube.com\/live\/SncwCa7ErJI\"><img loading=\"lazy\" decoding=\"async\" class=\"size-full wp-image-2319\" src=\"http:\/\/agustiniano75.net\/wp-content\/uploads\/2024\/12\/raul22.jpg\" alt=\"Ceremonia cristiana\" width=\"1600\" height=\"822\" srcset=\"https:\/\/agustiniano75.net\/wp-content\/uploads\/2024\/12\/raul22.jpg 1600w, https:\/\/agustiniano75.net\/wp-content\/uploads\/2024\/12\/raul22-300x154.jpg 300w, https:\/\/agustiniano75.net\/wp-content\/uploads\/2024\/12\/raul22-1024x526.jpg 1024w, https:\/\/agustiniano75.net\/wp-content\/uploads\/2024\/12\/raul22-768x395.jpg 768w, https:\/\/agustiniano75.net\/wp-content\/uploads\/2024\/12\/raul22-1536x789.jpg 1536w, https:\/\/agustiniano75.net\/wp-content\/uploads\/2024\/12\/raul22-100x51.jpg 100w, https:\/\/agustiniano75.net\/wp-content\/uploads\/2024\/12\/raul22-150x77.jpg 150w, https:\/\/agustiniano75.net\/wp-content\/uploads\/2024\/12\/raul22-200x103.jpg 200w, https:\/\/agustiniano75.net\/wp-content\/uploads\/2024\/12\/raul22-450x231.jpg 450w, https:\/\/agustiniano75.net\/wp-content\/uploads\/2024\/12\/raul22-600x308.jpg 600w, https:\/\/agustiniano75.net\/wp-content\/uploads\/2024\/12\/raul22-900x462.jpg 900w\" sizes=\"auto, (max-width: 1600px) 100vw, 1600px\" \/><\/a><figcaption id=\"caption-attachment-2319\" class=\"wp-caption-text\"><a href=\"https:\/\/www.youtube.com\/live\/SncwCa7ErJI\">Hoy Diciembre 21 de 2024, Ceremonia Cristiana (10:00 am)<\/a><\/figcaption><\/figure>\n<h2>Para Raul: un buen tipo (por Mauricio Gallego Soto)<\/h2>\n<p><img loading=\"lazy\" decoding=\"async\" class=\"alignleft size-thumbnail wp-image-2322\" src=\"http:\/\/agustiniano75.net\/wp-content\/uploads\/2024\/12\/mauricio_gallego-150x150.jpg\" alt=\"\" width=\"150\" height=\"150\"><\/p>\n<p>Tuve conciencia de Ra\u00fal, cuando en el a\u00f1o 1974 el colegio tomo la decisi\u00f3n de pasarnos a Carlos Agusto (U2) y a mi (U1) del A al B. Ya no pasar\u00edamos de 4A a 5A como era la tradici\u00f3n, si no que por alg\u00fan sentido de venganza o por tratar de aplacarnos un poco \u2013 supongo- el Colegio decidi\u00f3 que entrar\u00edamos a 5B. Nosotros los m\u00e1s peque\u00f1os del grupo del A, ahora s\u00ed que menos nos \u00edbamos a notar \u2013 por tama\u00f1o- en el grupo de 5B que eran los m\u00e1s grandes y \u201cviejos\u201d dentro de todos los que compon\u00edamos el grupo de quinto de bachillerato. Y ah\u00ed entramos algo timoratos, y nos encontramos con esos grandes y mayores, algunos de los cuales hab\u00edan repetido varios a\u00f1os en cursos anteriores. Los duros dentro de los duros. Ah\u00ed estaban el mono Mario Orteg\u00f3n, William Salazar, N\u00e9stor Segura, Edilberto Torres, Miguel Navarrete, Francisco Cifuentes, Ra\u00fal Suarez entre otros. &nbsp;Los ve\u00edamos con terror, grandes fortachos, montadores. Pero nosotros \u00e9ramos las Urracas, y al contrario de amedrentarnos seguimos siendo malos y m\u00e1s montadores que esos duros. Pero dentro de esos duros hab\u00eda uno grande, gordo y que siempre llevaba una sonrisa en su expresi\u00f3n y en su indumentaria sobresal\u00eda el chaleco de lana y las camisas a cuadros de manga larga. Le dec\u00edan el gordo Suarez. Y \u00e9l era la excepci\u00f3n dentro de esos rudos.<\/p>\n<p>A pesar de ser del grupo de los duros, Ra\u00fal no pod\u00eda ser un rudo. Su sonrisa eterna y sus ojos con mirada siempre de ni\u00f1o no se lo permit\u00edan. Era de los pocos dentro de los grandes que no dec\u00eda groser\u00edas, no se la montaba ni jod\u00eda a nadie; cuando requer\u00eda un favor lo hac\u00eda de una manera tan amable y cortes que era dif\u00edcil decirle que no. No s\u00e9 porque monsieur Bonnet, el profe de Frances lo ten\u00eda entre ojos y no lo quer\u00eda, quiz\u00e1s porque su \u00fanico defecto era que Ra\u00fal siempre escog\u00eda la silla de atr\u00e1s la del \u00faltimo rinc\u00f3n, y aunque generalmente esas sillas estaban reservadas para los m\u00e1s duros dentro de los duros, yo estoy seguro que Ra\u00fal lo hac\u00eda por humildad y de pronto, considerando que, por su mayor tama\u00f1o, podr\u00eda impedir la vista del tablero de alguien que le hubiera tocado detr\u00e1s. Ra\u00fal no se destacaba por ser un buen estudiante, ni por deportista, pero si se destacaba por ser un buen tipo, l\u00edder de causas importantes como cuando tratamos de emprender un peri\u00f3dico del cual no sacamos si no una o dos ediciones. Su opini\u00f3n se ten\u00eda muy en cuenta al momento de tener que tomar decisiones en colectivo.<\/p>\n<p>&nbsp;No fui muy cercano a Ra\u00fal en el colegio, pero luego cuando nos reencontramos en el a\u00f1o 2015 y como nos pas\u00f3 a varios, mirarnos a los ojos nos transport\u00f3 enseguida a sentir esa alegr\u00eda y esa picard\u00eda fraterna de la infancia y adolescencia. &nbsp;Adem\u00e1s, que 40 a\u00f1os despu\u00e9s ah\u00ed segu\u00edan su sonrisa eterna y su mirada de ni\u00f1o. R\u00e1pidamente en esa y en otras reuniones nos actualizamos sobre el rumbo que hab\u00edan tomado nuestras vidas, y f\u00e1cilmente descubr\u00ed que su m\u00e1s grande y mayor tesoro fue su madre, a quien tuvo la fortuna de celebrarle los cien a\u00f1os. Varias veces intercambiamos llamadas y, a pesar de estar en orillas opuestas desde el punto de vista de las creencias religiosas y la fe, manejamos con altura nuestras contradicciones, y nunca me falto en todo este tiempo, el mensaje diario con textos de la biblia y reflexiones de crecimiento personal que muy puntualmente me llegaban al celular v\u00eda WhatsApp, y que yo peri\u00f3dicamente le agradec\u00eda. Por ello fui testigo de su fe sincera la que sin duda alguna le permiti\u00f3 llevar con tranquilidad y esperanza esta \u00faltima etapa de su vida. &nbsp;En una ocasi\u00f3n hablamos sobre un tema musical que yo compart\u00ed y sobre el cual me dijo que era una de sus canciones favoritas en sus \u00e9pocas de juventud. Se trata de Blowin in the Wind de Bob Dylan. En uno de sus apartes dice:<\/p>\n<p><em>\u201c\u00bfCuantos caminos debe recorrer un hombre, antes de llamarse hombre?\u201d<\/em><\/p>\n<p><em>\u201c\u00bfCu\u00e1ntos a\u00f1os son capaces de vivir algunos, antes de que se les permita ser libres\u201d<\/em><\/p>\n<p><em>\u201c\u00bfCu\u00e1ntas veces debe un hombre levantar la vista, antes de que pueda ver el cielo\u201d<\/em><\/p>\n<p><em>\u201cLa respuesta amigo m\u00edo, la respuesta amigo m\u00edo esta flotando en el viento\u201d<\/em><\/p>\n<p>Seguro estoy que Ra\u00fal si encontr\u00f3 esa respuesta. Es por ello que personas como Ra\u00fal no mueren porque pasan a ser parte viva en la memoria de cada uno de nosotros.<\/p>\n<p>Queda para reflexionar lo ef\u00edmera que es la vida; ya pasaron 9 a\u00f1os desde el 2015 cuando nos volvimos a encontrar los Agustinianos 75. En ese breve, pero al igual largo lapso de tiempo se nos han adelantado Mario Orteg\u00f3n, Fernando Botero (cercanos), y Francisco Cifuentes (quien muri\u00f3 en el exterior). Sin duda alguna todos, tarde o temprano les seguiremos el camino. Por ello, si a\u00fan estamos aqu\u00ed, agradezcamos a la vida el hab\u00e9rnoslo permitido; valoremos cada d\u00eda como si fuera el \u00faltimo y dejemos de colocar nubarrones que imposibilitan alegr\u00edas, con angustias, preocupaciones y discusiones vacuas y sin sentido. \u00a1Buen viaje Raulin!<\/p>\n<p>Mauricio Gallego (U1)<\/p>\n<p>Diciembre 21 de 2024<\/p>\n<h2>Recordar a un amigo (por Ivan Diaz Mendez)<\/h2>\n<p><img loading=\"lazy\" decoding=\"async\" class=\"alignleft size-thumbnail wp-image-2324\" src=\"http:\/\/agustiniano75.net\/wp-content\/uploads\/2024\/12\/ivan_diaz-150x150.jpg\" alt=\"\" width=\"150\" height=\"150\"><\/p>\n<p>Recordar a un amigo es tan bonito y hace que a uno se le hinche el coraz\u00f3n de alegr\u00eda, es como rebobinar la pel\u00edcula que tanto nos gusta y la que jam\u00e1s dejamos de ver una y otra vez, as\u00ed mismo se siente al recordar hoy a ese gran amigo, a ese gran ser humano, a ese maestro, a ese esposo, padre y abuelo que vivi\u00f3 y toc\u00f3 nuestras vidas con su inigualable manera de ser.<br \/>\nA Raulito lo conocimos en nuestro claustro Agustino donde todos nosotros vivimos los mejores a\u00f1os; fue all\u00ed donde \u00abel gordo Su\u00e1rez\u00bb plasm\u00f3 su maravillosa forma de ser, algo inquieto y atrevido en sus a\u00f1os mozos pero que fue aplacando a lo largo de sus a\u00f1os; hoy parece que regresara del pasado a mi memoria y puedo verlo con sus pantalones desordenados que ca\u00edan cual largo eran sobre sus zapatos negros pelados en sus puntas de tanto golpear la pelota de rayas que volaba sin rumbo en los recreos por ese enorme estadio de f\u00fatbol en el que convert\u00edamos el patio del colegio, puedo verlo caminar pausado rumbo a su casa por la calle 11 en medio de risas, juegos y gritos con qui\u00e9nes encontrar\u00e1 compa\u00f1\u00eda para tan agradable traves\u00eda, pudo verlo a\u00fan con su abundante cabellera y sus mejillas coloradas haciendo la fila de la cooperativa para alcanzar a degustar un inmenso rosc\u00f3n y una gaseosa manzana, puedo verlo intentando alcanzar por los corredores del colegio a quien con picard\u00eda hab\u00eda golpeado su cabeza con los nudillos, as\u00ed a\u00fan puedo verlo y s\u00e9 que todos lo recordamos de una u otra forma as\u00ed, pero tambi\u00e9n puedo verlo hoy con esa seriedad adquirida con los a\u00f1os, con su fe inquebrantable, con su sabidur\u00eda, con su dedicaci\u00f3n a la familia, con su inconmensurable amor por sus hijos y nietos, puedo verlo hoy compartiendo con nosotros en nuestra edad adulta, regal\u00e1ndonos sagradamente sin falta la palabra del Se\u00f1or Jesucristo y el d\u00eda que yo despertaba y no encontraba sus mensajes de inmediato me imaginaba que Ra\u00fal se encontraba con quebrantos en su salud; puedo recordarlo hoy con su risa tranquila y sincera, con su voz calmada pero muy clara, puedo y siempre lo recordar\u00e9 como ese amigo que jam\u00e1s dejo de luchar por sus ideales y que jam\u00e1s abandono el camino y la rectitud del buen hombre, del buen cristiano. Hoy te nos adelantaste querido amigo pero estamos seguros que pronto volveremos a vernos con la bendici\u00f3n del Se\u00f1or; emprende tu viaje sin remordimiento alguno, toma la mano de los \u00e1ngeles que hoy te acompa\u00f1ar\u00e1n en esta hermosa traves\u00eda hacia el para\u00edso y cuando est\u00e9s all\u00ed recuerda que aqu\u00ed dejaste unos amigos que te quieren y te recordar\u00e1n por el resto de sus vidas.<br \/>\nHasta pronto querido Toto.<\/p>\n<p>Ivan A. Diaz Soto (Diciembre 21 de 2024)<\/p>\n<h2>Algunos mensajes de solidaridad y condolencia<\/h2>\n<p><img loading=\"lazy\" decoding=\"async\" class=\"aligncenter size-full wp-image-2326\" src=\"http:\/\/agustiniano75.net\/wp-content\/uploads\/2024\/12\/mensajes_ok.jpg\" alt=\"\" width=\"596\" height=\"1707\" srcset=\"https:\/\/agustiniano75.net\/wp-content\/uploads\/2024\/12\/mensajes_ok.jpg 596w, https:\/\/agustiniano75.net\/wp-content\/uploads\/2024\/12\/mensajes_ok-105x300.jpg 105w, https:\/\/agustiniano75.net\/wp-content\/uploads\/2024\/12\/mensajes_ok-358x1024.jpg 358w, https:\/\/agustiniano75.net\/wp-content\/uploads\/2024\/12\/mensajes_ok-536x1536.jpg 536w, https:\/\/agustiniano75.net\/wp-content\/uploads\/2024\/12\/mensajes_ok-100x286.jpg 100w, https:\/\/agustiniano75.net\/wp-content\/uploads\/2024\/12\/mensajes_ok-150x430.jpg 150w, https:\/\/agustiniano75.net\/wp-content\/uploads\/2024\/12\/mensajes_ok-200x573.jpg 200w, https:\/\/agustiniano75.net\/wp-content\/uploads\/2024\/12\/mensajes_ok-300x859.jpg 300w, https:\/\/agustiniano75.net\/wp-content\/uploads\/2024\/12\/mensajes_ok-450x1289.jpg 450w\" sizes=\"auto, (max-width: 596px) 100vw, 596px\" \/><\/p>\n<h2>Raulito compartiendo momentos felices&nbsp; (2015 &#8211; 2023)<\/h2>\n<figure id=\"attachment_2328\" aria-describedby=\"caption-attachment-2328\" style=\"width: 640px\" class=\"wp-caption aligncenter\"><img loading=\"lazy\" decoding=\"async\" class=\"wp-image-2328 size-full\" src=\"http:\/\/agustiniano75.net\/wp-content\/uploads\/2024\/12\/raul_abuelito.jpg\" alt=\"El abuelito Raul Suarez con Juan y Pablito, Juliana y Sarita\" width=\"640\" height=\"604\" srcset=\"https:\/\/agustiniano75.net\/wp-content\/uploads\/2024\/12\/raul_abuelito.jpg 640w, https:\/\/agustiniano75.net\/wp-content\/uploads\/2024\/12\/raul_abuelito-300x283.jpg 300w, https:\/\/agustiniano75.net\/wp-content\/uploads\/2024\/12\/raul_abuelito-100x94.jpg 100w, https:\/\/agustiniano75.net\/wp-content\/uploads\/2024\/12\/raul_abuelito-150x142.jpg 150w, https:\/\/agustiniano75.net\/wp-content\/uploads\/2024\/12\/raul_abuelito-200x189.jpg 200w, https:\/\/agustiniano75.net\/wp-content\/uploads\/2024\/12\/raul_abuelito-450x425.jpg 450w, https:\/\/agustiniano75.net\/wp-content\/uploads\/2024\/12\/raul_abuelito-600x566.jpg 600w\" sizes=\"auto, (max-width: 640px) 100vw, 640px\" \/><figcaption id=\"caption-attachment-2328\" class=\"wp-caption-text\">El abuelito Raul con Juan y Pablito, Juliana y Sarita (Enero 2023)<\/figcaption><\/figure>\n<p><img loading=\"lazy\" decoding=\"async\" class=\"aligncenter size-full wp-image-2330\" src=\"http:\/\/agustiniano75.net\/wp-content\/uploads\/2024\/12\/raul_fotos_ok.jpg\" alt=\"\" width=\"727\" height=\"1489\" srcset=\"https:\/\/agustiniano75.net\/wp-content\/uploads\/2024\/12\/raul_fotos_ok.jpg 727w, https:\/\/agustiniano75.net\/wp-content\/uploads\/2024\/12\/raul_fotos_ok-146x300.jpg 146w, https:\/\/agustiniano75.net\/wp-content\/uploads\/2024\/12\/raul_fotos_ok-500x1024.jpg 500w, https:\/\/agustiniano75.net\/wp-content\/uploads\/2024\/12\/raul_fotos_ok-100x205.jpg 100w, https:\/\/agustiniano75.net\/wp-content\/uploads\/2024\/12\/raul_fotos_ok-150x307.jpg 150w, https:\/\/agustiniano75.net\/wp-content\/uploads\/2024\/12\/raul_fotos_ok-200x410.jpg 200w, https:\/\/agustiniano75.net\/wp-content\/uploads\/2024\/12\/raul_fotos_ok-300x614.jpg 300w, https:\/\/agustiniano75.net\/wp-content\/uploads\/2024\/12\/raul_fotos_ok-450x922.jpg 450w, https:\/\/agustiniano75.net\/wp-content\/uploads\/2024\/12\/raul_fotos_ok-600x1229.jpg 600w\" sizes=\"auto, (max-width: 727px) 100vw, 727px\" \/><\/p>\n<figure id=\"attachment_2332\" aria-describedby=\"caption-attachment-2332\" style=\"width: 727px\" class=\"wp-caption aligncenter\"><img loading=\"lazy\" decoding=\"async\" class=\"size-full wp-image-2332\" src=\"http:\/\/agustiniano75.net\/wp-content\/uploads\/2024\/12\/raul_1975_ok.jpg\" alt=\"\" width=\"727\" height=\"293\" srcset=\"https:\/\/agustiniano75.net\/wp-content\/uploads\/2024\/12\/raul_1975_ok.jpg 727w, https:\/\/agustiniano75.net\/wp-content\/uploads\/2024\/12\/raul_1975_ok-300x121.jpg 300w, https:\/\/agustiniano75.net\/wp-content\/uploads\/2024\/12\/raul_1975_ok-100x40.jpg 100w, https:\/\/agustiniano75.net\/wp-content\/uploads\/2024\/12\/raul_1975_ok-150x60.jpg 150w, https:\/\/agustiniano75.net\/wp-content\/uploads\/2024\/12\/raul_1975_ok-200x81.jpg 200w, https:\/\/agustiniano75.net\/wp-content\/uploads\/2024\/12\/raul_1975_ok-450x181.jpg 450w, https:\/\/agustiniano75.net\/wp-content\/uploads\/2024\/12\/raul_1975_ok-600x242.jpg 600w\" sizes=\"auto, (max-width: 727px) 100vw, 727px\" \/><figcaption id=\"caption-attachment-2332\" class=\"wp-caption-text\">Raul Donaldo Suarez Rubio 1975<\/figcaption><\/figure>\n","protected":false},"excerpt":{"rendered":"<p>Para Raul: un buen tipo (por Mauricio Gallego Soto) Tuve conciencia de Ra\u00fal, cuando en el a\u00f1o 1974 el colegio tomo la decisi\u00f3n de pasarnos a Carlos Agusto (U2) y a mi (U1) del A al B. Ya no pasar\u00edamos<span class=\"ellipsis\">&hellip;<\/span><\/p>\n<div class=\"read-more\"><a href=\"https:\/\/agustiniano75.net\/?p=2315\">Leer m\u00e1s <span class=\"screen-reader-text\">RAUL SUAREZ &#8211; Celebremos su vida!  Diciembre 19 de 2024<\/span><span class=\"meta-nav\"> &#8250;<\/span><\/a><\/div>\n<p><!-- end of .read-more --><\/p>\n","protected":false},"author":1,"featured_media":0,"comment_status":"open","ping_status":"open","sticky":false,"template":"","format":"standard","meta":{"ngg_post_thumbnail":0,"footnotes":""},"categories":[1],"tags":[],"class_list":["post-2315","post","type-post","status-publish","format-standard","hentry","category-uncategorized"],"_links":{"self":[{"href":"https:\/\/agustiniano75.net\/index.php?rest_route=\/wp\/v2\/posts\/2315","targetHints":{"allow":["GET"]}}],"collection":[{"href":"https:\/\/agustiniano75.net\/index.php?rest_route=\/wp\/v2\/posts"}],"about":[{"href":"https:\/\/agustiniano75.net\/index.php?rest_route=\/wp\/v2\/types\/post"}],"author":[{"embeddable":true,"href":"https:\/\/agustiniano75.net\/index.php?rest_route=\/wp\/v2\/users\/1"}],"replies":[{"embeddable":true,"href":"https:\/\/agustiniano75.net\/index.php?rest_route=%2Fwp%2Fv2%2Fcomments&post=2315"}],"version-history":[{"count":10,"href":"https:\/\/agustiniano75.net\/index.php?rest_route=\/wp\/v2\/posts\/2315\/revisions"}],"predecessor-version":[{"id":2333,"href":"https:\/\/agustiniano75.net\/index.php?rest_route=\/wp\/v2\/posts\/2315\/revisions\/2333"}],"wp:attachment":[{"href":"https:\/\/agustiniano75.net\/index.php?rest_route=%2Fwp%2Fv2%2Fmedia&parent=2315"}],"wp:term":[{"taxonomy":"category","embeddable":true,"href":"https:\/\/agustiniano75.net\/index.php?rest_route=%2Fwp%2Fv2%2Fcategories&post=2315"},{"taxonomy":"post_tag","embeddable":true,"href":"https:\/\/agustiniano75.net\/index.php?rest_route=%2Fwp%2Fv2%2Ftags&post=2315"}],"curies":[{"name":"wp","href":"https:\/\/api.w.org\/{rel}","templated":true}]}}